{"id":14737,"date":"2017-10-05T14:58:23","date_gmt":"2017-10-05T12:58:23","guid":{"rendered":"http:\/\/www.conceptualfinearts.com\/cfa\/?p=14737"},"modified":"2020-11-25T13:59:39","modified_gmt":"2020-11-25T12:59:39","slug":"mauro-restiffe-retrospective-exhibiton","status":"publish","type":"post","link":"https:\/\/www.conceptualfinearts.com\/cfa\/2017\/10\/05\/mauro-restiffe-retrospective-exhibiton\/","title":{"rendered":"Mauro Restiffe, picturing the archive"},"content":{"rendered":"\n\t\t<style type=\"text\/css\">\n\t\t\t#gallery-1 {\n\t\t\t\tmargin: auto;\n\t\t\t}\n\t\t\t#gallery-1 .gallery-item {\n\t\t\t\tfloat: left;\n\t\t\t\tmargin-top: 10px;\n\t\t\t\ttext-align: center;\n\t\t\t\twidth: 33%;\n\t\t\t}\n\t\t\t#gallery-1 img {\n\t\t\t\tborder: 2px solid #cfcfcf;\n\t\t\t}\n\t\t\t#gallery-1 .gallery-caption {\n\t\t\t\tmargin-left: 0;\n\t\t\t}\n\t\t\t\/* see gallery_shortcode() in wp-includes\/media.php *\/\n\t\t<\/style>\n\t\t<div id='gallery-1' class='gallery galleryid-14737 gallery-columns-3 gallery-size-thumbnail'><dl class='gallery-item'>\n\t\t\t<dt class='gallery-icon landscape'>\n\t\t\t\t<a href='https:\/\/www.conceptualfinearts.com\/cfa\/2017\/10\/05\/mauro-restiffe-retrospective-exhibiton\/restiffe_pinacoteca_detail-07\/'><img loading=\"lazy\" decoding=\"async\" width=\"150\" height=\"100\" src=\"https:\/\/www.conceptualfinearts.com\/cfa\/CFA-content\/uploads\/2017\/10\/Restiffe_Pinacoteca_detail-07-480x320.jpg\" class=\"attachment-thumbnail size-thumbnail\" alt=\"\" aria-describedby=\"gallery-1-14757\" \/><\/a>\n\t\t\t<\/dt>\n\t\t\t\t<dd class='wp-caption-text gallery-caption' id='gallery-1-14757'>\n\t\t\t\tMauro Restiffe | \u00c1lbum Exhibition view at Pina Esta\u00e7\u00e3o | Pinacoteca do Estado de S\u00e3o Paulo S\u00e3o Paulo, Brazil, 2017. Photos: Eduardo Ortega \/ Courtesy Fortes D\u2019Aloia &#038; Gabriel. \n\t\t\t\t<\/dd><\/dl><dl class='gallery-item'>\n\t\t\t<dt class='gallery-icon landscape'>\n\t\t\t\t<a href='https:\/\/www.conceptualfinearts.com\/cfa\/2017\/10\/05\/mauro-restiffe-retrospective-exhibiton\/mre14492_coqueiral_ddm\/'><img loading=\"lazy\" decoding=\"async\" width=\"150\" height=\"100\" src=\"https:\/\/www.conceptualfinearts.com\/cfa\/CFA-content\/uploads\/2017\/10\/MRE14492_Coqueiral_DDM-480x320.jpg\" class=\"attachment-thumbnail size-thumbnail\" alt=\"Mauro Restiffe\" aria-describedby=\"gallery-1-14738\" \/><\/a>\n\t\t\t<\/dt>\n\t\t\t\t<dd class='wp-caption-text gallery-caption' id='gallery-1-14738'>\n\t\t\t\tMauro Restiffe, Coqueiral, 2013 Gelatin silver print 70 x 105 cm. Photo: Mauro Restiffe \/ Courtesy Fortes D\u2019Aloia &#038; Gabriel. \n\t\t\t\t<\/dd><\/dl><dl class='gallery-item'>\n\t\t\t<dt class='gallery-icon landscape'>\n\t\t\t\t<a href='https:\/\/www.conceptualfinearts.com\/cfa\/2017\/10\/05\/mauro-restiffe-retrospective-exhibiton\/mre14562_nao-vai-ter-golpe_ddm\/'><img loading=\"lazy\" decoding=\"async\" width=\"150\" height=\"100\" src=\"https:\/\/www.conceptualfinearts.com\/cfa\/CFA-content\/uploads\/2017\/10\/MRE14562_Nao-Vai-Ter-Golpe_DDM-480x320.jpg\" class=\"attachment-thumbnail size-thumbnail\" alt=\"Mauro Restiffe\" aria-describedby=\"gallery-1-14739\" \/><\/a>\n\t\t\t<\/dt>\n\t\t\t\t<dd class='wp-caption-text gallery-caption' id='gallery-1-14739'>\n\t\t\t\tMauro Restiffe, N\u00e3o Vai Ter Golpe, 2016 Gelatin silver print 50 x 75 cm. Photo: Mauro Restiffe \/ Courtesy Fortes D\u2019Aloia &#038; Gabriel. \n\t\t\t\t<\/dd><\/dl><br style=\"clear: both\" \/><dl class='gallery-item'>\n\t\t\t<dt class='gallery-icon landscape'>\n\t\t\t\t<a href='https:\/\/www.conceptualfinearts.com\/cfa\/2017\/10\/05\/mauro-restiffe-retrospective-exhibiton\/mre14612_interior-landscape_ddm\/'><img loading=\"lazy\" decoding=\"async\" width=\"150\" height=\"101\" src=\"https:\/\/www.conceptualfinearts.com\/cfa\/CFA-content\/uploads\/2017\/10\/MRE14612_Interior-Landscape_DDM-480x323.jpg\" class=\"attachment-thumbnail size-thumbnail\" alt=\"Mauro Restiffe\" aria-describedby=\"gallery-1-14740\" \/><\/a>\n\t\t\t<\/dt>\n\t\t\t\t<dd class='wp-caption-text gallery-caption' id='gallery-1-14740'>\n\t\t\t\tMauro Restiffe, Interior Landscape, 2012 Gelatin silver print 70 x 105 cm. Photo: Mauro Restiffe \/ Courtesy Fortes D\u2019Aloia &#038; Gabriel.\n\t\t\t\t<\/dd><\/dl><dl class='gallery-item'>\n\t\t\t<dt class='gallery-icon landscape'>\n\t\t\t\t<a href='https:\/\/www.conceptualfinearts.com\/cfa\/2017\/10\/05\/mauro-restiffe-retrospective-exhibiton\/mre14672_parede-branca_ddm\/'><img loading=\"lazy\" decoding=\"async\" width=\"150\" height=\"100\" src=\"https:\/\/www.conceptualfinearts.com\/cfa\/CFA-content\/uploads\/2017\/10\/MRE14672_Parede-Branca_DDM-480x321.jpg\" class=\"attachment-thumbnail size-thumbnail\" alt=\"Mauro Restiffe\" aria-describedby=\"gallery-1-14741\" \/><\/a>\n\t\t\t<\/dt>\n\t\t\t\t<dd class='wp-caption-text gallery-caption' id='gallery-1-14741'>\n\t\t\t\tMauro Restiffe,  Parede Branca, 2010 Gelatin silver print 35 x 52,5. Photo: Mauro Restiffe \/ Courtesy Fortes D\u2019Aloia &#038; Gabriel.\n\t\t\t\t<\/dd><\/dl><dl class='gallery-item'>\n\t\t\t<dt class='gallery-icon landscape'>\n\t\t\t\t<a href='https:\/\/www.conceptualfinearts.com\/cfa\/2017\/10\/05\/mauro-restiffe-retrospective-exhibiton\/mre14754_parada_ddm\/'><img loading=\"lazy\" decoding=\"async\" width=\"150\" height=\"100\" src=\"https:\/\/www.conceptualfinearts.com\/cfa\/CFA-content\/uploads\/2017\/10\/MRE14754_Parada_DDM-480x319.jpg\" class=\"attachment-thumbnail size-thumbnail\" alt=\"Mauro Restiffe\" aria-describedby=\"gallery-1-14742\" \/><\/a>\n\t\t\t<\/dt>\n\t\t\t\t<dd class='wp-caption-text gallery-caption' id='gallery-1-14742'>\n\t\t\t\tMauro Restiffe, Parada, 2011 Gelatin silver print 100 x 150 cm. Photo: Mauro Restiffe \/ Courtesy Fortes D\u2019Aloia &#038; Gabriel.\n\t\t\t\t<\/dd><\/dl><br style=\"clear: both\" \/><dl class='gallery-item'>\n\t\t\t<dt class='gallery-icon landscape'>\n\t\t\t\t<a href='https:\/\/www.conceptualfinearts.com\/cfa\/2017\/10\/05\/mauro-restiffe-retrospective-exhibiton\/mre14778_allen-by-the-window-at-james-house_ddm\/'><img loading=\"lazy\" decoding=\"async\" width=\"150\" height=\"100\" src=\"https:\/\/www.conceptualfinearts.com\/cfa\/CFA-content\/uploads\/2017\/10\/MRE14778_Allen-by-the-Window-at-James\u2019-House_DDM-480x320.jpg\" class=\"attachment-thumbnail size-thumbnail\" alt=\"Mauro Restiffe\" aria-describedby=\"gallery-1-14743\" \/><\/a>\n\t\t\t<\/dt>\n\t\t\t\t<dd class='wp-caption-text gallery-caption' id='gallery-1-14743'>\n\t\t\t\tMauro Restiffe, Gelatin silver print 60 x.  90 cm. Photo: Mauro Restiffe \/ Courtesy Fortes D\u2019Aloia &#038; Gabriel.\n\t\t\t\t<\/dd><\/dl><dl class='gallery-item'>\n\t\t\t<dt class='gallery-icon landscape'>\n\t\t\t\t<a href='https:\/\/www.conceptualfinearts.com\/cfa\/2017\/10\/05\/mauro-restiffe-retrospective-exhibiton\/mr_160714-labmirrors-5a-001\/'><img loading=\"lazy\" decoding=\"async\" width=\"150\" height=\"101\" src=\"https:\/\/www.conceptualfinearts.com\/cfa\/CFA-content\/uploads\/2017\/10\/MRE14790_Lab-Mirrors_DDM-480x322.jpg\" class=\"attachment-thumbnail size-thumbnail\" alt=\"Mauro Restiffe\" aria-describedby=\"gallery-1-14744\" \/><\/a>\n\t\t\t<\/dt>\n\t\t\t\t<dd class='wp-caption-text gallery-caption' id='gallery-1-14744'>\n\t\t\t\tMauro Restiffe, Lab Mirrors, 2010 Gelatin silver print 100 x 150 cm. Photo: Mauro Restiffe \/ Courtesy Fortes D\u2019Aloia &#038; Gabriel.\n\t\t\t\t<\/dd><\/dl><dl class='gallery-item'>\n\t\t\t<dt class='gallery-icon landscape'>\n\t\t\t\t<a href='https:\/\/www.conceptualfinearts.com\/cfa\/2017\/10\/05\/mauro-restiffe-retrospective-exhibiton\/mre14814_empossamento-revisitado_ddm\/'><img loading=\"lazy\" decoding=\"async\" width=\"150\" height=\"100\" src=\"https:\/\/www.conceptualfinearts.com\/cfa\/CFA-content\/uploads\/2017\/10\/MRE14814_Empossamento-Revisitado_DDM-480x320.jpg\" class=\"attachment-thumbnail size-thumbnail\" alt=\"Mauro Restiffe\" aria-describedby=\"gallery-1-14745\" \/><\/a>\n\t\t\t<\/dt>\n\t\t\t\t<dd class='wp-caption-text gallery-caption' id='gallery-1-14745'>\n\t\t\t\tMauro Restiffe, Empossamento Revisitado, 2003 Gelatin silver print 130 x 195 cm. Photo: Mauro Restiffe \/ Courtesy Fortes D\u2019Aloia &#038; Gabriel.\n\t\t\t\t<\/dd><\/dl><br style=\"clear: both\" \/><dl class='gallery-item'>\n\t\t\t<dt class='gallery-icon landscape'>\n\t\t\t\t<a href='https:\/\/www.conceptualfinearts.com\/cfa\/2017\/10\/05\/mauro-restiffe-retrospective-exhibiton\/mre14846_photograph-of-photographs-of-photographs_ddm\/'><img loading=\"lazy\" decoding=\"async\" width=\"150\" height=\"100\" src=\"https:\/\/www.conceptualfinearts.com\/cfa\/CFA-content\/uploads\/2017\/10\/MRE14846_Photograph-of-Photographs-of-Photographs_DDM-480x320.jpg\" class=\"attachment-thumbnail size-thumbnail\" alt=\"\" aria-describedby=\"gallery-1-14746\" \/><\/a>\n\t\t\t<\/dt>\n\t\t\t\t<dd class='wp-caption-text gallery-caption' id='gallery-1-14746'>\n\t\t\t\tMauro Restiffe, Photograph of Photographs of Photographs, 2013 Gelatin silver print 24 x 36 cm. Photo: Mauro Restiffe \/ Courtesy Fortes D\u2019Aloia &#038; Gabriel.\n\t\t\t\t<\/dd><\/dl><dl class='gallery-item'>\n\t\t\t<dt class='gallery-icon portrait'>\n\t\t\t\t<a href='https:\/\/www.conceptualfinearts.com\/cfa\/2017\/10\/05\/mauro-restiffe-retrospective-exhibiton\/mre14871_calca-e-prateleiras_ddm\/'><img loading=\"lazy\" decoding=\"async\" width=\"148\" height=\"150\" src=\"https:\/\/www.conceptualfinearts.com\/cfa\/CFA-content\/uploads\/2017\/10\/MRE14871_Calca-e-Prateleiras_DDM-475x480.jpg\" class=\"attachment-thumbnail size-thumbnail\" alt=\"\" aria-describedby=\"gallery-1-14747\" \/><\/a>\n\t\t\t<\/dt>\n\t\t\t\t<dd class='wp-caption-text gallery-caption' id='gallery-1-14747'>\n\t\t\t\tMauro Restiffe, Cal\u00e7a e Prateleiras, 2001 Gelatin silver print 50 x 50 cm. \n\t\t\t\t<\/dd><\/dl><dl class='gallery-item'>\n\t\t\t<dt class='gallery-icon portrait'>\n\t\t\t\t<a href='https:\/\/www.conceptualfinearts.com\/cfa\/2017\/10\/05\/mauro-restiffe-retrospective-exhibiton\/mre14881_lianna-e-o-seio-de-leite_ddm\/'><img loading=\"lazy\" decoding=\"async\" width=\"150\" height=\"150\" src=\"https:\/\/www.conceptualfinearts.com\/cfa\/CFA-content\/uploads\/2017\/10\/MRE14881_Lianna-e-o-Seio-de-Leite_DDM-476x480.jpg\" class=\"attachment-thumbnail size-thumbnail\" alt=\"\" aria-describedby=\"gallery-1-14748\" \/><\/a>\n\t\t\t<\/dt>\n\t\t\t\t<dd class='wp-caption-text gallery-caption' id='gallery-1-14748'>\n\t\t\t\tMauro Restiffe, Lianna e o Seio de Leite, 2002 Gelatin silver print, 45 x 45 cm. Photo: Mauro Restiffe \/ Courtesy Fortes D\u2019Aloia &#038; Gabriel.\n\t\t\t\t<\/dd><\/dl><br style=\"clear: both\" \/><dl class='gallery-item'>\n\t\t\t<dt class='gallery-icon landscape'>\n\t\t\t\t<a href='https:\/\/www.conceptualfinearts.com\/cfa\/2017\/10\/05\/mauro-restiffe-retrospective-exhibiton\/mre14912_lianna-com-toalha-em-quarto-de-hotel_ddm\/'><img loading=\"lazy\" decoding=\"async\" width=\"150\" height=\"100\" src=\"https:\/\/www.conceptualfinearts.com\/cfa\/CFA-content\/uploads\/2017\/10\/MRE14912_Lianna-com-Toalha-em-Quarto-de-Hotel_DDM-480x319.jpg\" class=\"attachment-thumbnail size-thumbnail\" alt=\"\" aria-describedby=\"gallery-1-14749\" \/><\/a>\n\t\t\t<\/dt>\n\t\t\t\t<dd class='wp-caption-text gallery-caption' id='gallery-1-14749'>\n\t\t\t\tMauro Restiffe, Lianna com Toalha em Quarto de Hotel, 2012 Gelatin silver print 35 x 52,5 cm. Photo: Mauro Restiffe \/ Courtesy Fortes D\u2019Aloia &#038; Gabriel.\n\t\t\t\t<\/dd><\/dl><dl class='gallery-item'>\n\t\t\t<dt class='gallery-icon portrait'>\n\t\t\t\t<a href='https:\/\/www.conceptualfinearts.com\/cfa\/2017\/10\/05\/mauro-restiffe-retrospective-exhibiton\/mre14938_matheus-na-janela-do-navio_ddm\/'><img loading=\"lazy\" decoding=\"async\" width=\"150\" height=\"150\" src=\"https:\/\/www.conceptualfinearts.com\/cfa\/CFA-content\/uploads\/2017\/10\/MRE14938_Matheus-na-Janela-do-Navio_DDM-480x480.jpg\" class=\"attachment-thumbnail size-thumbnail\" alt=\"\" aria-describedby=\"gallery-1-14750\" \/><\/a>\n\t\t\t<\/dt>\n\t\t\t\t<dd class='wp-caption-text gallery-caption' id='gallery-1-14750'>\n\t\t\t\tMauro Restiffe, Matheus na Janela do Navio, 2015 Gelatin silver print 45 x 45 cm. Photo: Mauro Restiffe \/ Courtesy Fortes D\u2019Aloia &#038; Gabriel.\n\t\t\t\t<\/dd><\/dl><dl class='gallery-item'>\n\t\t\t<dt class='gallery-icon landscape'>\n\t\t\t\t<a href='https:\/\/www.conceptualfinearts.com\/cfa\/2017\/10\/05\/mauro-restiffe-retrospective-exhibiton\/mre14948_a-mae-e-a-branca_ddm\/'><img loading=\"lazy\" decoding=\"async\" width=\"150\" height=\"99\" src=\"https:\/\/www.conceptualfinearts.com\/cfa\/CFA-content\/uploads\/2017\/10\/MRE14948_A-Mae-e-a-Branca_DDM-480x318.jpg\" class=\"attachment-thumbnail size-thumbnail\" alt=\"\" aria-describedby=\"gallery-1-14751\" \/><\/a>\n\t\t\t<\/dt>\n\t\t\t\t<dd class='wp-caption-text gallery-caption' id='gallery-1-14751'>\n\t\t\t\tMauro Restiffe, A M\u00e3e e a Branca, 2016 Gelatin silver print 50 x 75 cm. Photo: Mauro Restiffe \/ Courtesy Fortes D\u2019Aloia &#038; Gabriel.\n\t\t\t\t<\/dd><\/dl><br style=\"clear: both\" \/><dl class='gallery-item'>\n\t\t\t<dt class='gallery-icon landscape'>\n\t\t\t\t<a href='https:\/\/www.conceptualfinearts.com\/cfa\/2017\/10\/05\/mauro-restiffe-retrospective-exhibiton\/restiffe_pinacoteca_detail-06d\/'><img loading=\"lazy\" decoding=\"async\" width=\"150\" height=\"51\" src=\"https:\/\/www.conceptualfinearts.com\/cfa\/CFA-content\/uploads\/2017\/10\/Restiffe_Pinacoteca_detail-06d-480x162.jpg\" class=\"attachment-thumbnail size-thumbnail\" alt=\"\" aria-describedby=\"gallery-1-14756\" \/><\/a>\n\t\t\t<\/dt>\n\t\t\t\t<dd class='wp-caption-text gallery-caption' id='gallery-1-14756'>\n\t\t\t\tMauro Restiffe | \u00c1lbum Exhibition view at Pina Esta\u00e7\u00e3o | Pinacoteca do Estado de S\u00e3o Paulo S\u00e3o Paulo, Brazil, 2017. Photos: Eduardo Ortega \/ Courtesy Fortes D\u2019Aloia &#038; Gabriel. \n\t\t\t\t<\/dd><\/dl>\n\t\t\t<br style='clear: both' \/>\n\t\t<\/div>\n\n<p>Curator Rodrigo Moura and artist Mauro Restiffe dared a very fresh approach when assembling a mid-career exhibition of the latter, who has been prolifically photographing since the late 1980s. Rather than a retrospective, only one of the hundreds of photographs on show had been exhibited before; \u2018it\u2019s all about the archive\u2019, Mauro Restiffe explains.<\/p>\n<p>Hosted by <a href=\"http:\/\/pinacoteca.org.br\/programacao\/mauro-restiffe-album\/\" target=\"_blank\" rel=\"noopener noreferrer\">Sao Paulo&#8217;s Esta\u00e7\u00e3o Pinacoteca<\/a>&nbsp;(until 6th November), the exhibition is divided into three thematic rooms \u2013 with several points of contact between them, nonetheless \u2013 \u2018Landscapes and Multitudes\u2019 being the first one. Interspersed among Mauro Restiffe\u2019s signature black-and-white, analogue photos are canvases from the archives of Pinacoteca and <a href=\"http:\/\/www.conceptualfinearts.com\/cfa\/2016\/03\/09\/interview-director-adriano-pedrosa-on-his-quest-to-make-masp-multiple-diverse-and-plural\/\" target=\"_blank\" rel=\"noopener noreferrer\">MASP <\/a>(Museu de Arte Moderna de Sao Paulo), all of them painted in Brazil, from the 19th Century onwards \u2013 the exception being a stunning Frans Post from the 17th Century. Paintings have populated Mauro Restiffe\u2019s set of interests for years, as evidenced in many of his works; yet here for the first time they become protagonists, sharing the stage with his own photos. The works are distributed as clusters of photographs and paintings, each of which establishing either formal, thematic or dialectic dialogues between the two media. Escaping from the formulaic, not all clusters have paintings, though they are present in every wall. This room\u2019s display starts focussing primarily on landscapes and, as the visitor strolls through the works, the presence of people increases, culminating in multitudes. Even in photographs devoid of people, its existence is suggested \u2013 in the form of a manmade object, for instance \u2013 as the artist explains that he is seldom interested in photographing lush landscapes per se, but rather in its relationship with the human. Carefully curated, the passage from a cluster to the next is ever smooth, escaping the obvious while orchestrating a narrative. The final work in the room, a photograph taken during Fidel Castro\u2019s funeral in 2016, depicts a group of young girls staring at the camera; this direct gaze, which only occurs in this image within this room, introduces the tone of the following one.<\/p>\n<p>\u2018Album\u2019 is the title of the show, the second room and the major installation that occupies entirely one of its walls. Organised in chronological order, and again interspersed with canvases, it contains 73 photographs taken from 1995 until 2017. They depict private moments of the artist\u2019s life, such as family holidays, the birth of his children, banal moments of everyday life and so on. Whereas it\u2019s not the first time that an artist shares their privacy so thoroughly through an artwork \u2013 Nan Goldin\u2019s The Ballad of Sexual Dependency (1985) comes to mind \u2013 this makes up for a compelling and immersive installation, and perhaps the highlight of the show. Opposite to this wall is a selection of portraits where the direct gaze to the camera prevails. Its narrative commences with the portrait of a portrait, a metalinguistic note that reoccurs in the whole show. The intimacy that characterises \u2018Album\u2019 is extended to this wall, as many of the subjects on the photographs have a personal connection to the artist. As he explains, these gazes all belong to an affective realm, sharing a complicity, a momentarily exchange that is at the core of the act of photographing.<\/p>\n<p>\u2018Framings and Constructions\u2019 is the last and most conceptual of the rooms. It focuses on architecture \u2013 noteworthy, an important vein within Mauro Restiffe\u2019s practice \u2013 and the act of framing, again referring to the medium of photography itself. Intimacy is still evident in some of the pictures, yet the more abstract content of this room creates an important counterpoint to the others. There are humorous, clever moments, such as Photograph of Photographs of Photographs (2013) a photograph of a work from Jiro Takamatsu\u2019s well-known Photographs of Photographs series; or a photo of that very room, empty, taken during its renovation years back \u2013 the biggest work here and one that can be viewed from outside the room. The various dimensions of the the individual photos, together with punctual artworks by other artists, empowers the show with rhythm and elegance, in such way that, rather then overwhelmed, the viewer still have appetite for more after walking the three rooms.<\/p>\n<p>Right in front of the elevator is self-portrait with a camera dated from 1989, the oldest work on the exhibition and the last to be included. In spite of the fact that the artist\u2019s forefinger is placed in front of the lens, a photographic image could still be produced. This enigmatic picture, filled with defiance and risk taking attitudes, perfectly crowns the experience of the show, be it as a starting point or an ending note.<\/p>\n","protected":false},"excerpt":{"rendered":"<p>At Sao Paulo&#8217;s Esta\u00e7\u00e3o Pinacoteca the eminent Brazilian photographer shows hundreds of unpublished pictures and merges them with painting.<\/p>\n","protected":false},"author":2,"featured_media":14748,"comment_status":"closed","ping_status":"open","sticky":false,"template":"","format":"standard","meta":{"_acf_changed":false,"footnotes":""},"categories":[1796],"tags":[],"class_list":["post-14737","post","type-post","status-publish","format-standard","has-post-thumbnail","hentry","category-mapping-the-artscape"],"acf":[],"_links":{"self":[{"href":"https:\/\/www.conceptualfinearts.com\/cfa\/wp-json\/wp\/v2\/posts\/14737","targetHints":{"allow":["GET"]}}],"collection":[{"href":"https:\/\/www.conceptualfinearts.com\/cfa\/wp-json\/wp\/v2\/posts"}],"about":[{"href":"https:\/\/www.conceptualfinearts.com\/cfa\/wp-json\/wp\/v2\/types\/post"}],"author":[{"embeddable":true,"href":"https:\/\/www.conceptualfinearts.com\/cfa\/wp-json\/wp\/v2\/users\/2"}],"replies":[{"embeddable":true,"href":"https:\/\/www.conceptualfinearts.com\/cfa\/wp-json\/wp\/v2\/comments?post=14737"}],"version-history":[{"count":0,"href":"https:\/\/www.conceptualfinearts.com\/cfa\/wp-json\/wp\/v2\/posts\/14737\/revisions"}],"wp:featuredmedia":[{"embeddable":true,"href":"https:\/\/www.conceptualfinearts.com\/cfa\/wp-json\/wp\/v2\/media\/14748"}],"wp:attachment":[{"href":"https:\/\/www.conceptualfinearts.com\/cfa\/wp-json\/wp\/v2\/media?parent=14737"}],"wp:term":[{"taxonomy":"category","embeddable":true,"href":"https:\/\/www.conceptualfinearts.com\/cfa\/wp-json\/wp\/v2\/categories?post=14737"},{"taxonomy":"post_tag","embeddable":true,"href":"https:\/\/www.conceptualfinearts.com\/cfa\/wp-json\/wp\/v2\/tags?post=14737"}],"curies":[{"name":"wp","href":"https:\/\/api.w.org\/{rel}","templated":true}]}}